{"id":5473,"date":"2024-04-11T12:12:08","date_gmt":"2024-04-11T10:12:08","guid":{"rendered":"https:\/\/www.tous-acteurs-des-savoie.coop\/?post_type=news&#038;p=5473"},"modified":"2024-04-11T14:23:31","modified_gmt":"2024-04-11T12:23:31","slug":"sensibilisation-a-lenvironnement-et-a-la-mobilite-douce-leco-match-du-fc-annecy","status":"publish","type":"news","link":"https:\/\/www.tous-acteurs-des-savoie.coop\/actualites\/sensibilisation-a-lenvironnement-et-a-la-mobilite-douce-leco-match-du-fc-annecy\/","title":{"rendered":"Sensibilisation \u00e0 l&rsquo;environnement et \u00e0 la mobilit\u00e9 douce : l&rsquo;\u00e9co-match du FC Annecy"},"template":"","categories":[18,21],"class_list":["post-5473","news","type-news","status-publish","hentry"],"acf":[],"yoast_head":"<!-- This site is optimized with the Yoast SEO plugin v23.4 - https:\/\/yoast.com\/wordpress\/plugins\/seo\/ -->\n<title>Sensibilisation \u00e0 l&#039;environnement et \u00e0 la mobilit\u00e9 douce : l&#039;\u00e9co-match du FC Annecy - Tous Acteurs des Savoie<\/title>\n<meta name=\"description\" content=\"La rencontre du FC Annecy qui s&#039;est jou\u00e9e \u00e0 domicile face \u00e0 Valenciennes ce samedi 6 avril 2024 a \u00e9t\u00e9 l&#039;occasion d&#039;accueillir un \u00e9v\u00e9nement unique dans le monde du football professionnel de L1 et L2 : l&#039;\u00e9co-match ! Plusieurs associations, soci\u00e9t\u00e9s ou encore institutions proposaient aux spectateurs venus assister au match des animations pour leur faire d\u00e9couvrir leurs actions men\u00e9es en lien avec l&#039;environnement et les probl\u00e9matiques actuelles associ\u00e9es au r\u00e9chauffement climatique de nos territoires. Fort de son engagement soci\u00e9tal et mutualiste pour r\u00e9ussir les transitions, le Cr\u00e9dit Agricole des Savoie s&#039;est associ\u00e9 \u00e0 la d\u00e9marche pour t\u00e9moigner sur les actions mises en place en faveur du climat\" \/>\n<meta name=\"robots\" content=\"index, follow, max-snippet:-1, max-image-preview:large, max-video-preview:-1\" \/>\n<link rel=\"canonical\" href=\"https:\/\/www.tous-acteurs-des-savoie.coop\/actualites\/sensibilisation-a-lenvironnement-et-a-la-mobilite-douce-leco-match-du-fc-annecy\/\" \/>\n<meta property=\"og:locale\" content=\"fr_FR\" \/>\n<meta property=\"og:type\" content=\"article\" \/>\n<meta property=\"og:title\" content=\"Sensibilisation \u00e0 l&#039;environnement et \u00e0 la mobilit\u00e9 douce : l&#039;\u00e9co-match du FC Annecy - Tous Acteurs des Savoie\" \/>\n<meta property=\"og:description\" content=\"La rencontre du FC Annecy qui s&#039;est jou\u00e9e \u00e0 domicile face \u00e0 Valenciennes ce samedi 6 avril 2024 a \u00e9t\u00e9 l&#039;occasion d&#039;accueillir un \u00e9v\u00e9nement unique dans le monde du football professionnel de L1 et L2 : l&#039;\u00e9co-match ! Plusieurs associations, soci\u00e9t\u00e9s ou encore institutions proposaient aux spectateurs venus assister au match des animations pour leur faire d\u00e9couvrir leurs actions men\u00e9es en lien avec l&#039;environnement et les probl\u00e9matiques actuelles associ\u00e9es au r\u00e9chauffement climatique de nos territoires. Fort de son engagement soci\u00e9tal et mutualiste pour r\u00e9ussir les transitions, le Cr\u00e9dit Agricole des Savoie s&#039;est associ\u00e9 \u00e0 la d\u00e9marche pour t\u00e9moigner sur les actions mises en place en faveur du climat\" \/>\n<meta property=\"og:url\" content=\"https:\/\/www.tous-acteurs-des-savoie.coop\/actualites\/sensibilisation-a-lenvironnement-et-a-la-mobilite-douce-leco-match-du-fc-annecy\/\" \/>\n<meta property=\"og:site_name\" content=\"Tous Acteurs des Savoie\" \/>\n<meta property=\"article:modified_time\" content=\"2024-04-11T12:23:31+00:00\" \/>\n<meta name=\"twitter:card\" content=\"summary_large_image\" \/>\n<script type=\"application\/ld+json\" class=\"yoast-schema-graph\">{\"@context\":\"https:\/\/schema.org\",\"@graph\":[{\"@type\":\"WebPage\",\"@id\":\"https:\/\/www.tous-acteurs-des-savoie.coop\/actualites\/sensibilisation-a-lenvironnement-et-a-la-mobilite-douce-leco-match-du-fc-annecy\/\",\"url\":\"https:\/\/www.tous-acteurs-des-savoie.coop\/actualites\/sensibilisation-a-lenvironnement-et-a-la-mobilite-douce-leco-match-du-fc-annecy\/\",\"name\":\"Sensibilisation \u00e0 l'environnement et \u00e0 la mobilit\u00e9 douce : l'\u00e9co-match du FC Annecy - Tous Acteurs des Savoie\",\"isPartOf\":{\"@id\":\"https:\/\/www.tous-acteurs-des-savoie.coop\/#website\"},\"datePublished\":\"2024-04-11T10:12:08+00:00\",\"dateModified\":\"2024-04-11T12:23:31+00:00\",\"description\":\"La rencontre du FC Annecy qui s'est jou\u00e9e \u00e0 domicile face \u00e0 Valenciennes ce samedi 6 avril 2024 a \u00e9t\u00e9 l'occasion d'accueillir un \u00e9v\u00e9nement unique dans le monde du football professionnel de L1 et L2 : l'\u00e9co-match ! Plusieurs associations, soci\u00e9t\u00e9s ou encore institutions proposaient aux spectateurs venus assister au match des animations pour leur faire d\u00e9couvrir leurs actions men\u00e9es en lien avec l'environnement et les probl\u00e9matiques actuelles associ\u00e9es au r\u00e9chauffement climatique de nos territoires. Fort de son engagement soci\u00e9tal et mutualiste pour r\u00e9ussir les transitions, le Cr\u00e9dit Agricole des Savoie s'est associ\u00e9 \u00e0 la d\u00e9marche pour t\u00e9moigner sur les actions mises en place en faveur du climat\",\"breadcrumb\":{\"@id\":\"https:\/\/www.tous-acteurs-des-savoie.coop\/actualites\/sensibilisation-a-lenvironnement-et-a-la-mobilite-douce-leco-match-du-fc-annecy\/#breadcrumb\"},\"inLanguage\":\"fr-FR\",\"potentialAction\":[{\"@type\":\"ReadAction\",\"target\":[\"https:\/\/www.tous-acteurs-des-savoie.coop\/actualites\/sensibilisation-a-lenvironnement-et-a-la-mobilite-douce-leco-match-du-fc-annecy\/\"]}]},{\"@type\":\"BreadcrumbList\",\"@id\":\"https:\/\/www.tous-acteurs-des-savoie.coop\/actualites\/sensibilisation-a-lenvironnement-et-a-la-mobilite-douce-leco-match-du-fc-annecy\/#breadcrumb\",\"itemListElement\":[{\"@type\":\"ListItem\",\"position\":1,\"name\":\"Home\",\"item\":\"https:\/\/www.tous-acteurs-des-savoie.coop\/\"},{\"@type\":\"ListItem\",\"position\":2,\"name\":\"Actualit\u00e9s\",\"item\":\"https:\/\/www.tous-acteurs-des-savoie.coop\/actualites\/\"},{\"@type\":\"ListItem\",\"position\":3,\"name\":\"Sensibilisation \u00e0 l&rsquo;environnement et \u00e0 la mobilit\u00e9 douce : l&rsquo;\u00e9co-match du FC Annecy\"}]},{\"@type\":\"WebSite\",\"@id\":\"https:\/\/www.tous-acteurs-des-savoie.coop\/#website\",\"url\":\"https:\/\/www.tous-acteurs-des-savoie.coop\/\",\"name\":\"Tous Acteurs des Savoie\",\"description\":\"\",\"potentialAction\":[{\"@type\":\"SearchAction\",\"target\":{\"@type\":\"EntryPoint\",\"urlTemplate\":\"https:\/\/www.tous-acteurs-des-savoie.coop\/?s={search_term_string}\"},\"query-input\":{\"@type\":\"PropertyValueSpecification\",\"valueRequired\":true,\"valueName\":\"search_term_string\"}}],\"inLanguage\":\"fr-FR\"}]}<\/script>\n<!-- \/ Yoast SEO plugin. -->","yoast_head_json":{"title":"Sensibilisation \u00e0 l'environnement et \u00e0 la mobilit\u00e9 douce : l'\u00e9co-match du FC Annecy - Tous Acteurs des Savoie","description":"La rencontre du FC Annecy qui s'est jou\u00e9e \u00e0 domicile face \u00e0 Valenciennes ce samedi 6 avril 2024 a \u00e9t\u00e9 l'occasion d'accueillir un \u00e9v\u00e9nement unique dans le monde du football professionnel de L1 et L2 : l'\u00e9co-match ! Plusieurs associations, soci\u00e9t\u00e9s ou encore institutions proposaient aux spectateurs venus assister au match des animations pour leur faire d\u00e9couvrir leurs actions men\u00e9es en lien avec l'environnement et les probl\u00e9matiques actuelles associ\u00e9es au r\u00e9chauffement climatique de nos territoires. Fort de son engagement soci\u00e9tal et mutualiste pour r\u00e9ussir les transitions, le Cr\u00e9dit Agricole des Savoie s'est associ\u00e9 \u00e0 la d\u00e9marche pour t\u00e9moigner sur les actions mises en place en faveur du climat","robots":{"index":"index","follow":"follow","max-snippet":"max-snippet:-1","max-image-preview":"max-image-preview:large","max-video-preview":"max-video-preview:-1"},"canonical":"https:\/\/www.tous-acteurs-des-savoie.coop\/actualites\/sensibilisation-a-lenvironnement-et-a-la-mobilite-douce-leco-match-du-fc-annecy\/","og_locale":"fr_FR","og_type":"article","og_title":"Sensibilisation \u00e0 l'environnement et \u00e0 la mobilit\u00e9 douce : l'\u00e9co-match du FC Annecy - Tous Acteurs des Savoie","og_description":"La rencontre du FC Annecy qui s'est jou\u00e9e \u00e0 domicile face \u00e0 Valenciennes ce samedi 6 avril 2024 a \u00e9t\u00e9 l'occasion d'accueillir un \u00e9v\u00e9nement unique dans le monde du football professionnel de L1 et L2 : l'\u00e9co-match ! Plusieurs associations, soci\u00e9t\u00e9s ou encore institutions proposaient aux spectateurs venus assister au match des animations pour leur faire d\u00e9couvrir leurs actions men\u00e9es en lien avec l'environnement et les probl\u00e9matiques actuelles associ\u00e9es au r\u00e9chauffement climatique de nos territoires. Fort de son engagement soci\u00e9tal et mutualiste pour r\u00e9ussir les transitions, le Cr\u00e9dit Agricole des Savoie s'est associ\u00e9 \u00e0 la d\u00e9marche pour t\u00e9moigner sur les actions mises en place en faveur du climat","og_url":"https:\/\/www.tous-acteurs-des-savoie.coop\/actualites\/sensibilisation-a-lenvironnement-et-a-la-mobilite-douce-leco-match-du-fc-annecy\/","og_site_name":"Tous Acteurs des Savoie","article_modified_time":"2024-04-11T12:23:31+00:00","twitter_card":"summary_large_image","schema":{"@context":"https:\/\/schema.org","@graph":[{"@type":"WebPage","@id":"https:\/\/www.tous-acteurs-des-savoie.coop\/actualites\/sensibilisation-a-lenvironnement-et-a-la-mobilite-douce-leco-match-du-fc-annecy\/","url":"https:\/\/www.tous-acteurs-des-savoie.coop\/actualites\/sensibilisation-a-lenvironnement-et-a-la-mobilite-douce-leco-match-du-fc-annecy\/","name":"Sensibilisation \u00e0 l'environnement et \u00e0 la mobilit\u00e9 douce : l'\u00e9co-match du FC Annecy - Tous Acteurs des Savoie","isPartOf":{"@id":"https:\/\/www.tous-acteurs-des-savoie.coop\/#website"},"datePublished":"2024-04-11T10:12:08+00:00","dateModified":"2024-04-11T12:23:31+00:00","description":"La rencontre du FC Annecy qui s'est jou\u00e9e \u00e0 domicile face \u00e0 Valenciennes ce samedi 6 avril 2024 a \u00e9t\u00e9 l'occasion d'accueillir un \u00e9v\u00e9nement unique dans le monde du football professionnel de L1 et L2 : l'\u00e9co-match ! Plusieurs associations, soci\u00e9t\u00e9s ou encore institutions proposaient aux spectateurs venus assister au match des animations pour leur faire d\u00e9couvrir leurs actions men\u00e9es en lien avec l'environnement et les probl\u00e9matiques actuelles associ\u00e9es au r\u00e9chauffement climatique de nos territoires. Fort de son engagement soci\u00e9tal et mutualiste pour r\u00e9ussir les transitions, le Cr\u00e9dit Agricole des Savoie s'est associ\u00e9 \u00e0 la d\u00e9marche pour t\u00e9moigner sur les actions mises en place en faveur du climat","breadcrumb":{"@id":"https:\/\/www.tous-acteurs-des-savoie.coop\/actualites\/sensibilisation-a-lenvironnement-et-a-la-mobilite-douce-leco-match-du-fc-annecy\/#breadcrumb"},"inLanguage":"fr-FR","potentialAction":[{"@type":"ReadAction","target":["https:\/\/www.tous-acteurs-des-savoie.coop\/actualites\/sensibilisation-a-lenvironnement-et-a-la-mobilite-douce-leco-match-du-fc-annecy\/"]}]},{"@type":"BreadcrumbList","@id":"https:\/\/www.tous-acteurs-des-savoie.coop\/actualites\/sensibilisation-a-lenvironnement-et-a-la-mobilite-douce-leco-match-du-fc-annecy\/#breadcrumb","itemListElement":[{"@type":"ListItem","position":1,"name":"Home","item":"https:\/\/www.tous-acteurs-des-savoie.coop\/"},{"@type":"ListItem","position":2,"name":"Actualit\u00e9s","item":"https:\/\/www.tous-acteurs-des-savoie.coop\/actualites\/"},{"@type":"ListItem","position":3,"name":"Sensibilisation \u00e0 l&rsquo;environnement et \u00e0 la mobilit\u00e9 douce : l&rsquo;\u00e9co-match du FC Annecy"}]},{"@type":"WebSite","@id":"https:\/\/www.tous-acteurs-des-savoie.coop\/#website","url":"https:\/\/www.tous-acteurs-des-savoie.coop\/","name":"Tous Acteurs des Savoie","description":"","potentialAction":[{"@type":"SearchAction","target":{"@type":"EntryPoint","urlTemplate":"https:\/\/www.tous-acteurs-des-savoie.coop\/?s={search_term_string}"},"query-input":{"@type":"PropertyValueSpecification","valueRequired":true,"valueName":"search_term_string"}}],"inLanguage":"fr-FR"}]}},"_links":{"self":[{"href":"https:\/\/www.tous-acteurs-des-savoie.coop\/tads-api\/wp\/v2\/news\/5473","targetHints":{"allow":["GET"]}}],"collection":[{"href":"https:\/\/www.tous-acteurs-des-savoie.coop\/tads-api\/wp\/v2\/news"}],"about":[{"href":"https:\/\/www.tous-acteurs-des-savoie.coop\/tads-api\/wp\/v2\/types\/news"}],"wp:attachment":[{"href":"https:\/\/www.tous-acteurs-des-savoie.coop\/tads-api\/wp\/v2\/media?parent=5473"}],"wp:term":[{"taxonomy":"categories","embeddable":true,"href":"https:\/\/www.tous-acteurs-des-savoie.coop\/tads-api\/wp\/v2\/categories?post=5473"}],"curies":[{"name":"wp","href":"https:\/\/api.w.org\/{rel}","templated":true}]}}