{"id":5442,"date":"2024-03-27T11:45:57","date_gmt":"2024-03-27T10:45:57","guid":{"rendered":"https:\/\/www.tous-acteurs-des-savoie.coop\/?post_type=news&#038;p=5442"},"modified":"2024-03-27T11:45:57","modified_gmt":"2024-03-27T10:45:57","slug":"toutes-les-forces-vives-du-ca-des-savoie-formees-et-engagees-autour-de-la-fresque-du-climat","status":"publish","type":"news","link":"https:\/\/www.tous-acteurs-des-savoie.coop\/actualites\/toutes-les-forces-vives-du-ca-des-savoie-formees-et-engagees-autour-de-la-fresque-du-climat\/","title":{"rendered":"Toutes les forces vives du CA des Savoie form\u00e9es et engag\u00e9es autour de la fresque du climat"},"template":"","categories":[18,39,21,42,22,28],"class_list":["post-5442","news","type-news","status-publish","hentry"],"acf":[],"yoast_head":"<!-- This site is optimized with the Yoast SEO plugin v23.4 - https:\/\/yoast.com\/wordpress\/plugins\/seo\/ -->\n<title>Toutes les forces vives du CA des Savoie form\u00e9es et engag\u00e9es autour de la fresque du climat - Tous Acteurs des Savoie<\/title>\n<meta name=\"description\" content=\"Pour mieux comprendre les enjeux associ\u00e9s au changement climatique et ses impacts sur ses clients, sur le mod\u00e8le de la banque universelle de proximit\u00e9, et donc sur son fonctionnement et ses m\u00e9tiers au quotidien, toutes les forces vives du Cr\u00e9dit Agricole des Savoie b\u00e9n\u00e9ficient en 2024 d\u2019une formation\/acculturation \u00e0 la Fresque du Climat : les administrateurs ont commenc\u00e9 fin 2023, et c\u2019est d\u00e9sormais au tour de l\u2019ensemble des collaborateurs.\" \/>\n<meta name=\"robots\" content=\"index, follow, max-snippet:-1, max-image-preview:large, max-video-preview:-1\" \/>\n<link rel=\"canonical\" href=\"https:\/\/www.tous-acteurs-des-savoie.coop\/actualites\/toutes-les-forces-vives-du-ca-des-savoie-formees-et-engagees-autour-de-la-fresque-du-climat\/\" \/>\n<meta property=\"og:locale\" content=\"fr_FR\" \/>\n<meta property=\"og:type\" content=\"article\" \/>\n<meta property=\"og:title\" content=\"Toutes les forces vives du CA des Savoie form\u00e9es et engag\u00e9es autour de la fresque du climat - Tous Acteurs des Savoie\" \/>\n<meta property=\"og:description\" content=\"Pour mieux comprendre les enjeux associ\u00e9s au changement climatique et ses impacts sur ses clients, sur le mod\u00e8le de la banque universelle de proximit\u00e9, et donc sur son fonctionnement et ses m\u00e9tiers au quotidien, toutes les forces vives du Cr\u00e9dit Agricole des Savoie b\u00e9n\u00e9ficient en 2024 d\u2019une formation\/acculturation \u00e0 la Fresque du Climat : les administrateurs ont commenc\u00e9 fin 2023, et c\u2019est d\u00e9sormais au tour de l\u2019ensemble des collaborateurs.\" \/>\n<meta property=\"og:url\" content=\"https:\/\/www.tous-acteurs-des-savoie.coop\/actualites\/toutes-les-forces-vives-du-ca-des-savoie-formees-et-engagees-autour-de-la-fresque-du-climat\/\" \/>\n<meta property=\"og:site_name\" content=\"Tous Acteurs des Savoie\" \/>\n<meta name=\"twitter:card\" content=\"summary_large_image\" \/>\n<script type=\"application\/ld+json\" class=\"yoast-schema-graph\">{\"@context\":\"https:\/\/schema.org\",\"@graph\":[{\"@type\":\"WebPage\",\"@id\":\"https:\/\/www.tous-acteurs-des-savoie.coop\/actualites\/toutes-les-forces-vives-du-ca-des-savoie-formees-et-engagees-autour-de-la-fresque-du-climat\/\",\"url\":\"https:\/\/www.tous-acteurs-des-savoie.coop\/actualites\/toutes-les-forces-vives-du-ca-des-savoie-formees-et-engagees-autour-de-la-fresque-du-climat\/\",\"name\":\"Toutes les forces vives du CA des Savoie form\u00e9es et engag\u00e9es autour de la fresque du climat - Tous Acteurs des Savoie\",\"isPartOf\":{\"@id\":\"https:\/\/www.tous-acteurs-des-savoie.coop\/#website\"},\"datePublished\":\"2024-03-27T10:45:57+00:00\",\"dateModified\":\"2024-03-27T10:45:57+00:00\",\"description\":\"Pour mieux comprendre les enjeux associ\u00e9s au changement climatique et ses impacts sur ses clients, sur le mod\u00e8le de la banque universelle de proximit\u00e9, et donc sur son fonctionnement et ses m\u00e9tiers au quotidien, toutes les forces vives du Cr\u00e9dit Agricole des Savoie b\u00e9n\u00e9ficient en 2024 d\u2019une formation\/acculturation \u00e0 la Fresque du Climat : les administrateurs ont commenc\u00e9 fin 2023, et c\u2019est d\u00e9sormais au tour de l\u2019ensemble des collaborateurs.\",\"breadcrumb\":{\"@id\":\"https:\/\/www.tous-acteurs-des-savoie.coop\/actualites\/toutes-les-forces-vives-du-ca-des-savoie-formees-et-engagees-autour-de-la-fresque-du-climat\/#breadcrumb\"},\"inLanguage\":\"fr-FR\",\"potentialAction\":[{\"@type\":\"ReadAction\",\"target\":[\"https:\/\/www.tous-acteurs-des-savoie.coop\/actualites\/toutes-les-forces-vives-du-ca-des-savoie-formees-et-engagees-autour-de-la-fresque-du-climat\/\"]}]},{\"@type\":\"BreadcrumbList\",\"@id\":\"https:\/\/www.tous-acteurs-des-savoie.coop\/actualites\/toutes-les-forces-vives-du-ca-des-savoie-formees-et-engagees-autour-de-la-fresque-du-climat\/#breadcrumb\",\"itemListElement\":[{\"@type\":\"ListItem\",\"position\":1,\"name\":\"Home\",\"item\":\"https:\/\/www.tous-acteurs-des-savoie.coop\/\"},{\"@type\":\"ListItem\",\"position\":2,\"name\":\"Actualit\u00e9s\",\"item\":\"https:\/\/www.tous-acteurs-des-savoie.coop\/actualites\/\"},{\"@type\":\"ListItem\",\"position\":3,\"name\":\"Toutes les forces vives du CA des Savoie form\u00e9es et engag\u00e9es autour de la fresque du climat\"}]},{\"@type\":\"WebSite\",\"@id\":\"https:\/\/www.tous-acteurs-des-savoie.coop\/#website\",\"url\":\"https:\/\/www.tous-acteurs-des-savoie.coop\/\",\"name\":\"Tous Acteurs des Savoie\",\"description\":\"\",\"potentialAction\":[{\"@type\":\"SearchAction\",\"target\":{\"@type\":\"EntryPoint\",\"urlTemplate\":\"https:\/\/www.tous-acteurs-des-savoie.coop\/?s={search_term_string}\"},\"query-input\":{\"@type\":\"PropertyValueSpecification\",\"valueRequired\":true,\"valueName\":\"search_term_string\"}}],\"inLanguage\":\"fr-FR\"}]}<\/script>\n<!-- \/ Yoast SEO plugin. -->","yoast_head_json":{"title":"Toutes les forces vives du CA des Savoie form\u00e9es et engag\u00e9es autour de la fresque du climat - Tous Acteurs des Savoie","description":"Pour mieux comprendre les enjeux associ\u00e9s au changement climatique et ses impacts sur ses clients, sur le mod\u00e8le de la banque universelle de proximit\u00e9, et donc sur son fonctionnement et ses m\u00e9tiers au quotidien, toutes les forces vives du Cr\u00e9dit Agricole des Savoie b\u00e9n\u00e9ficient en 2024 d\u2019une formation\/acculturation \u00e0 la Fresque du Climat : les administrateurs ont commenc\u00e9 fin 2023, et c\u2019est d\u00e9sormais au tour de l\u2019ensemble des collaborateurs.","robots":{"index":"index","follow":"follow","max-snippet":"max-snippet:-1","max-image-preview":"max-image-preview:large","max-video-preview":"max-video-preview:-1"},"canonical":"https:\/\/www.tous-acteurs-des-savoie.coop\/actualites\/toutes-les-forces-vives-du-ca-des-savoie-formees-et-engagees-autour-de-la-fresque-du-climat\/","og_locale":"fr_FR","og_type":"article","og_title":"Toutes les forces vives du CA des Savoie form\u00e9es et engag\u00e9es autour de la fresque du climat - Tous Acteurs des Savoie","og_description":"Pour mieux comprendre les enjeux associ\u00e9s au changement climatique et ses impacts sur ses clients, sur le mod\u00e8le de la banque universelle de proximit\u00e9, et donc sur son fonctionnement et ses m\u00e9tiers au quotidien, toutes les forces vives du Cr\u00e9dit Agricole des Savoie b\u00e9n\u00e9ficient en 2024 d\u2019une formation\/acculturation \u00e0 la Fresque du Climat : les administrateurs ont commenc\u00e9 fin 2023, et c\u2019est d\u00e9sormais au tour de l\u2019ensemble des collaborateurs.","og_url":"https:\/\/www.tous-acteurs-des-savoie.coop\/actualites\/toutes-les-forces-vives-du-ca-des-savoie-formees-et-engagees-autour-de-la-fresque-du-climat\/","og_site_name":"Tous Acteurs des Savoie","twitter_card":"summary_large_image","schema":{"@context":"https:\/\/schema.org","@graph":[{"@type":"WebPage","@id":"https:\/\/www.tous-acteurs-des-savoie.coop\/actualites\/toutes-les-forces-vives-du-ca-des-savoie-formees-et-engagees-autour-de-la-fresque-du-climat\/","url":"https:\/\/www.tous-acteurs-des-savoie.coop\/actualites\/toutes-les-forces-vives-du-ca-des-savoie-formees-et-engagees-autour-de-la-fresque-du-climat\/","name":"Toutes les forces vives du CA des Savoie form\u00e9es et engag\u00e9es autour de la fresque du climat - Tous Acteurs des Savoie","isPartOf":{"@id":"https:\/\/www.tous-acteurs-des-savoie.coop\/#website"},"datePublished":"2024-03-27T10:45:57+00:00","dateModified":"2024-03-27T10:45:57+00:00","description":"Pour mieux comprendre les enjeux associ\u00e9s au changement climatique et ses impacts sur ses clients, sur le mod\u00e8le de la banque universelle de proximit\u00e9, et donc sur son fonctionnement et ses m\u00e9tiers au quotidien, toutes les forces vives du Cr\u00e9dit Agricole des Savoie b\u00e9n\u00e9ficient en 2024 d\u2019une formation\/acculturation \u00e0 la Fresque du Climat : les administrateurs ont commenc\u00e9 fin 2023, et c\u2019est d\u00e9sormais au tour de l\u2019ensemble des collaborateurs.","breadcrumb":{"@id":"https:\/\/www.tous-acteurs-des-savoie.coop\/actualites\/toutes-les-forces-vives-du-ca-des-savoie-formees-et-engagees-autour-de-la-fresque-du-climat\/#breadcrumb"},"inLanguage":"fr-FR","potentialAction":[{"@type":"ReadAction","target":["https:\/\/www.tous-acteurs-des-savoie.coop\/actualites\/toutes-les-forces-vives-du-ca-des-savoie-formees-et-engagees-autour-de-la-fresque-du-climat\/"]}]},{"@type":"BreadcrumbList","@id":"https:\/\/www.tous-acteurs-des-savoie.coop\/actualites\/toutes-les-forces-vives-du-ca-des-savoie-formees-et-engagees-autour-de-la-fresque-du-climat\/#breadcrumb","itemListElement":[{"@type":"ListItem","position":1,"name":"Home","item":"https:\/\/www.tous-acteurs-des-savoie.coop\/"},{"@type":"ListItem","position":2,"name":"Actualit\u00e9s","item":"https:\/\/www.tous-acteurs-des-savoie.coop\/actualites\/"},{"@type":"ListItem","position":3,"name":"Toutes les forces vives du CA des Savoie form\u00e9es et engag\u00e9es autour de la fresque du climat"}]},{"@type":"WebSite","@id":"https:\/\/www.tous-acteurs-des-savoie.coop\/#website","url":"https:\/\/www.tous-acteurs-des-savoie.coop\/","name":"Tous Acteurs des Savoie","description":"","potentialAction":[{"@type":"SearchAction","target":{"@type":"EntryPoint","urlTemplate":"https:\/\/www.tous-acteurs-des-savoie.coop\/?s={search_term_string}"},"query-input":{"@type":"PropertyValueSpecification","valueRequired":true,"valueName":"search_term_string"}}],"inLanguage":"fr-FR"}]}},"_links":{"self":[{"href":"https:\/\/www.tous-acteurs-des-savoie.coop\/tads-api\/wp\/v2\/news\/5442","targetHints":{"allow":["GET"]}}],"collection":[{"href":"https:\/\/www.tous-acteurs-des-savoie.coop\/tads-api\/wp\/v2\/news"}],"about":[{"href":"https:\/\/www.tous-acteurs-des-savoie.coop\/tads-api\/wp\/v2\/types\/news"}],"wp:attachment":[{"href":"https:\/\/www.tous-acteurs-des-savoie.coop\/tads-api\/wp\/v2\/media?parent=5442"}],"wp:term":[{"taxonomy":"categories","embeddable":true,"href":"https:\/\/www.tous-acteurs-des-savoie.coop\/tads-api\/wp\/v2\/categories?post=5442"}],"curies":[{"name":"wp","href":"https:\/\/api.w.org\/{rel}","templated":true}]}}