{"id":4372,"date":"2023-06-16T15:32:53","date_gmt":"2023-06-16T13:32:53","guid":{"rendered":"https:\/\/www.tous-acteurs-des-savoie.coop\/?post_type=news&#038;p=4372"},"modified":"2023-07-17T15:38:42","modified_gmt":"2023-07-17T13:38:42","slug":"le-ca-des-savoie-agit-sur-son-empreinte-carbone-en-sensibilisant-ses-fournisseurs","status":"publish","type":"news","link":"https:\/\/www.tous-acteurs-des-savoie.coop\/actualites\/le-ca-des-savoie-agit-sur-son-empreinte-carbone-en-sensibilisant-ses-fournisseurs\/","title":{"rendered":"Le CA des Savoie agit sur son empreinte carbone en sensibilisant ses fournisseurs"},"template":"","categories":[18,39,42,22],"class_list":["post-4372","news","type-news","status-publish","hentry"],"acf":[],"yoast_head":"<!-- This site is optimized with the Yoast SEO plugin v23.4 - https:\/\/yoast.com\/wordpress\/plugins\/seo\/ -->\n<title>Le CA des Savoie agit sur son empreinte carbone en sensibilisant ses fournisseurs - Tous Acteurs des Savoie<\/title>\n<meta name=\"description\" content=\"Le Cr\u00e9dit Agricole des Savoie a offert en 2022 la r\u00e9alisation de leur premier bilan carbone \u00e0 deux de ses fournisseurs. Un an plus tard, ces deux fournisseurs d\u00e9taillent les actions mises en place \u00e0 l&#039;issue de leur premier bilan carbone et t\u00e9moignent de leur volont\u00e9 de poursuivre dans cette direction avec un second bilan qu&#039;ils prendront cette fois \u00e0 leurs frais !\" \/>\n<meta name=\"robots\" content=\"index, follow, max-snippet:-1, max-image-preview:large, max-video-preview:-1\" \/>\n<link rel=\"canonical\" href=\"https:\/\/www.tous-acteurs-des-savoie.coop\/actualites\/le-ca-des-savoie-agit-sur-son-empreinte-carbone-en-sensibilisant-ses-fournisseurs\/\" \/>\n<meta property=\"og:locale\" content=\"fr_FR\" \/>\n<meta property=\"og:type\" content=\"article\" \/>\n<meta property=\"og:title\" content=\"Le CA des Savoie agit sur son empreinte carbone en sensibilisant ses fournisseurs - Tous Acteurs des Savoie\" \/>\n<meta property=\"og:description\" content=\"Le Cr\u00e9dit Agricole des Savoie a offert en 2022 la r\u00e9alisation de leur premier bilan carbone \u00e0 deux de ses fournisseurs. Un an plus tard, ces deux fournisseurs d\u00e9taillent les actions mises en place \u00e0 l&#039;issue de leur premier bilan carbone et t\u00e9moignent de leur volont\u00e9 de poursuivre dans cette direction avec un second bilan qu&#039;ils prendront cette fois \u00e0 leurs frais !\" \/>\n<meta property=\"og:url\" content=\"https:\/\/www.tous-acteurs-des-savoie.coop\/actualites\/le-ca-des-savoie-agit-sur-son-empreinte-carbone-en-sensibilisant-ses-fournisseurs\/\" \/>\n<meta property=\"og:site_name\" content=\"Tous Acteurs des Savoie\" \/>\n<meta property=\"article:modified_time\" content=\"2023-07-17T13:38:42+00:00\" \/>\n<meta name=\"twitter:card\" content=\"summary_large_image\" \/>\n<script type=\"application\/ld+json\" class=\"yoast-schema-graph\">{\"@context\":\"https:\/\/schema.org\",\"@graph\":[{\"@type\":\"WebPage\",\"@id\":\"https:\/\/www.tous-acteurs-des-savoie.coop\/actualites\/le-ca-des-savoie-agit-sur-son-empreinte-carbone-en-sensibilisant-ses-fournisseurs\/\",\"url\":\"https:\/\/www.tous-acteurs-des-savoie.coop\/actualites\/le-ca-des-savoie-agit-sur-son-empreinte-carbone-en-sensibilisant-ses-fournisseurs\/\",\"name\":\"Le CA des Savoie agit sur son empreinte carbone en sensibilisant ses fournisseurs - Tous Acteurs des Savoie\",\"isPartOf\":{\"@id\":\"https:\/\/www.tous-acteurs-des-savoie.coop\/#website\"},\"datePublished\":\"2023-06-16T13:32:53+00:00\",\"dateModified\":\"2023-07-17T13:38:42+00:00\",\"description\":\"Le Cr\u00e9dit Agricole des Savoie a offert en 2022 la r\u00e9alisation de leur premier bilan carbone \u00e0 deux de ses fournisseurs. Un an plus tard, ces deux fournisseurs d\u00e9taillent les actions mises en place \u00e0 l'issue de leur premier bilan carbone et t\u00e9moignent de leur volont\u00e9 de poursuivre dans cette direction avec un second bilan qu'ils prendront cette fois \u00e0 leurs frais !\",\"breadcrumb\":{\"@id\":\"https:\/\/www.tous-acteurs-des-savoie.coop\/actualites\/le-ca-des-savoie-agit-sur-son-empreinte-carbone-en-sensibilisant-ses-fournisseurs\/#breadcrumb\"},\"inLanguage\":\"fr-FR\",\"potentialAction\":[{\"@type\":\"ReadAction\",\"target\":[\"https:\/\/www.tous-acteurs-des-savoie.coop\/actualites\/le-ca-des-savoie-agit-sur-son-empreinte-carbone-en-sensibilisant-ses-fournisseurs\/\"]}]},{\"@type\":\"BreadcrumbList\",\"@id\":\"https:\/\/www.tous-acteurs-des-savoie.coop\/actualites\/le-ca-des-savoie-agit-sur-son-empreinte-carbone-en-sensibilisant-ses-fournisseurs\/#breadcrumb\",\"itemListElement\":[{\"@type\":\"ListItem\",\"position\":1,\"name\":\"Home\",\"item\":\"https:\/\/www.tous-acteurs-des-savoie.coop\/\"},{\"@type\":\"ListItem\",\"position\":2,\"name\":\"Actualit\u00e9s\",\"item\":\"https:\/\/www.tous-acteurs-des-savoie.coop\/actualites\/\"},{\"@type\":\"ListItem\",\"position\":3,\"name\":\"Le CA des Savoie agit sur son empreinte carbone en sensibilisant ses fournisseurs\"}]},{\"@type\":\"WebSite\",\"@id\":\"https:\/\/www.tous-acteurs-des-savoie.coop\/#website\",\"url\":\"https:\/\/www.tous-acteurs-des-savoie.coop\/\",\"name\":\"Tous Acteurs des Savoie\",\"description\":\"\",\"potentialAction\":[{\"@type\":\"SearchAction\",\"target\":{\"@type\":\"EntryPoint\",\"urlTemplate\":\"https:\/\/www.tous-acteurs-des-savoie.coop\/?s={search_term_string}\"},\"query-input\":{\"@type\":\"PropertyValueSpecification\",\"valueRequired\":true,\"valueName\":\"search_term_string\"}}],\"inLanguage\":\"fr-FR\"}]}<\/script>\n<!-- \/ Yoast SEO plugin. -->","yoast_head_json":{"title":"Le CA des Savoie agit sur son empreinte carbone en sensibilisant ses fournisseurs - Tous Acteurs des Savoie","description":"Le Cr\u00e9dit Agricole des Savoie a offert en 2022 la r\u00e9alisation de leur premier bilan carbone \u00e0 deux de ses fournisseurs. Un an plus tard, ces deux fournisseurs d\u00e9taillent les actions mises en place \u00e0 l'issue de leur premier bilan carbone et t\u00e9moignent de leur volont\u00e9 de poursuivre dans cette direction avec un second bilan qu'ils prendront cette fois \u00e0 leurs frais !","robots":{"index":"index","follow":"follow","max-snippet":"max-snippet:-1","max-image-preview":"max-image-preview:large","max-video-preview":"max-video-preview:-1"},"canonical":"https:\/\/www.tous-acteurs-des-savoie.coop\/actualites\/le-ca-des-savoie-agit-sur-son-empreinte-carbone-en-sensibilisant-ses-fournisseurs\/","og_locale":"fr_FR","og_type":"article","og_title":"Le CA des Savoie agit sur son empreinte carbone en sensibilisant ses fournisseurs - Tous Acteurs des Savoie","og_description":"Le Cr\u00e9dit Agricole des Savoie a offert en 2022 la r\u00e9alisation de leur premier bilan carbone \u00e0 deux de ses fournisseurs. Un an plus tard, ces deux fournisseurs d\u00e9taillent les actions mises en place \u00e0 l'issue de leur premier bilan carbone et t\u00e9moignent de leur volont\u00e9 de poursuivre dans cette direction avec un second bilan qu'ils prendront cette fois \u00e0 leurs frais !","og_url":"https:\/\/www.tous-acteurs-des-savoie.coop\/actualites\/le-ca-des-savoie-agit-sur-son-empreinte-carbone-en-sensibilisant-ses-fournisseurs\/","og_site_name":"Tous Acteurs des Savoie","article_modified_time":"2023-07-17T13:38:42+00:00","twitter_card":"summary_large_image","schema":{"@context":"https:\/\/schema.org","@graph":[{"@type":"WebPage","@id":"https:\/\/www.tous-acteurs-des-savoie.coop\/actualites\/le-ca-des-savoie-agit-sur-son-empreinte-carbone-en-sensibilisant-ses-fournisseurs\/","url":"https:\/\/www.tous-acteurs-des-savoie.coop\/actualites\/le-ca-des-savoie-agit-sur-son-empreinte-carbone-en-sensibilisant-ses-fournisseurs\/","name":"Le CA des Savoie agit sur son empreinte carbone en sensibilisant ses fournisseurs - Tous Acteurs des Savoie","isPartOf":{"@id":"https:\/\/www.tous-acteurs-des-savoie.coop\/#website"},"datePublished":"2023-06-16T13:32:53+00:00","dateModified":"2023-07-17T13:38:42+00:00","description":"Le Cr\u00e9dit Agricole des Savoie a offert en 2022 la r\u00e9alisation de leur premier bilan carbone \u00e0 deux de ses fournisseurs. Un an plus tard, ces deux fournisseurs d\u00e9taillent les actions mises en place \u00e0 l'issue de leur premier bilan carbone et t\u00e9moignent de leur volont\u00e9 de poursuivre dans cette direction avec un second bilan qu'ils prendront cette fois \u00e0 leurs frais !","breadcrumb":{"@id":"https:\/\/www.tous-acteurs-des-savoie.coop\/actualites\/le-ca-des-savoie-agit-sur-son-empreinte-carbone-en-sensibilisant-ses-fournisseurs\/#breadcrumb"},"inLanguage":"fr-FR","potentialAction":[{"@type":"ReadAction","target":["https:\/\/www.tous-acteurs-des-savoie.coop\/actualites\/le-ca-des-savoie-agit-sur-son-empreinte-carbone-en-sensibilisant-ses-fournisseurs\/"]}]},{"@type":"BreadcrumbList","@id":"https:\/\/www.tous-acteurs-des-savoie.coop\/actualites\/le-ca-des-savoie-agit-sur-son-empreinte-carbone-en-sensibilisant-ses-fournisseurs\/#breadcrumb","itemListElement":[{"@type":"ListItem","position":1,"name":"Home","item":"https:\/\/www.tous-acteurs-des-savoie.coop\/"},{"@type":"ListItem","position":2,"name":"Actualit\u00e9s","item":"https:\/\/www.tous-acteurs-des-savoie.coop\/actualites\/"},{"@type":"ListItem","position":3,"name":"Le CA des Savoie agit sur son empreinte carbone en sensibilisant ses fournisseurs"}]},{"@type":"WebSite","@id":"https:\/\/www.tous-acteurs-des-savoie.coop\/#website","url":"https:\/\/www.tous-acteurs-des-savoie.coop\/","name":"Tous Acteurs des Savoie","description":"","potentialAction":[{"@type":"SearchAction","target":{"@type":"EntryPoint","urlTemplate":"https:\/\/www.tous-acteurs-des-savoie.coop\/?s={search_term_string}"},"query-input":{"@type":"PropertyValueSpecification","valueRequired":true,"valueName":"search_term_string"}}],"inLanguage":"fr-FR"}]}},"_links":{"self":[{"href":"https:\/\/www.tous-acteurs-des-savoie.coop\/tads-api\/wp\/v2\/news\/4372","targetHints":{"allow":["GET"]}}],"collection":[{"href":"https:\/\/www.tous-acteurs-des-savoie.coop\/tads-api\/wp\/v2\/news"}],"about":[{"href":"https:\/\/www.tous-acteurs-des-savoie.coop\/tads-api\/wp\/v2\/types\/news"}],"wp:attachment":[{"href":"https:\/\/www.tous-acteurs-des-savoie.coop\/tads-api\/wp\/v2\/media?parent=4372"}],"wp:term":[{"taxonomy":"categories","embeddable":true,"href":"https:\/\/www.tous-acteurs-des-savoie.coop\/tads-api\/wp\/v2\/categories?post=4372"}],"curies":[{"name":"wp","href":"https:\/\/api.w.org\/{rel}","templated":true}]}}