{"id":4351,"date":"2023-06-12T11:32:06","date_gmt":"2023-06-12T09:32:06","guid":{"rendered":"https:\/\/www.tous-acteurs-des-savoie.coop\/?post_type=news&#038;p=4351"},"modified":"2023-06-14T15:41:14","modified_gmt":"2023-06-14T13:41:14","slug":"quel-avenir-pour-la-vie-de-nos-sols","status":"publish","type":"news","link":"https:\/\/www.tous-acteurs-des-savoie.coop\/actualites\/quel-avenir-pour-la-vie-de-nos-sols\/","title":{"rendered":"QUEL AVENIR POUR LA VIE DE NOS SOLS?"},"template":"","categories":[18,39,21,42],"class_list":["post-4351","news","type-news","status-publish","hentry"],"acf":[],"yoast_head":"<!-- This site is optimized with the Yoast SEO plugin v23.4 - https:\/\/yoast.com\/wordpress\/plugins\/seo\/ -->\n<title>QUEL AVENIR POUR LA VIE DE NOS SOLS? - Tous Acteurs des Savoie<\/title>\n<meta name=\"description\" content=\"Cinqui\u00e8me rencontre du cycle EMULSION, les RDV du CA des Savoie, organis\u00e9e en partenariat avec Livres en Marches et pour la premi\u00e8re fois, Botanic, le jeudi 25 mai 2023 dans le si\u00e8ge social de la Caisse r\u00e9gionale d&#039;Annecy avec l\u2019intervention de Marc-Andr\u00e9 Selosse, biologiste et Professeur, sp\u00e9cialiste de la vie dans les sols.\" \/>\n<meta name=\"robots\" content=\"index, follow, max-snippet:-1, max-image-preview:large, max-video-preview:-1\" \/>\n<link rel=\"canonical\" href=\"https:\/\/www.tous-acteurs-des-savoie.coop\/actualites\/quel-avenir-pour-la-vie-de-nos-sols\/\" \/>\n<meta property=\"og:locale\" content=\"fr_FR\" \/>\n<meta property=\"og:type\" content=\"article\" \/>\n<meta property=\"og:title\" content=\"QUEL AVENIR POUR LA VIE DE NOS SOLS? - Tous Acteurs des Savoie\" \/>\n<meta property=\"og:description\" content=\"Cinqui\u00e8me rencontre du cycle EMULSION, les RDV du CA des Savoie, organis\u00e9e en partenariat avec Livres en Marches et pour la premi\u00e8re fois, Botanic, le jeudi 25 mai 2023 dans le si\u00e8ge social de la Caisse r\u00e9gionale d&#039;Annecy avec l\u2019intervention de Marc-Andr\u00e9 Selosse, biologiste et Professeur, sp\u00e9cialiste de la vie dans les sols.\" \/>\n<meta property=\"og:url\" content=\"https:\/\/www.tous-acteurs-des-savoie.coop\/actualites\/quel-avenir-pour-la-vie-de-nos-sols\/\" \/>\n<meta property=\"og:site_name\" content=\"Tous Acteurs des Savoie\" \/>\n<meta property=\"article:modified_time\" content=\"2023-06-14T13:41:14+00:00\" \/>\n<meta name=\"twitter:card\" content=\"summary_large_image\" \/>\n<script type=\"application\/ld+json\" class=\"yoast-schema-graph\">{\"@context\":\"https:\/\/schema.org\",\"@graph\":[{\"@type\":\"WebPage\",\"@id\":\"https:\/\/www.tous-acteurs-des-savoie.coop\/actualites\/quel-avenir-pour-la-vie-de-nos-sols\/\",\"url\":\"https:\/\/www.tous-acteurs-des-savoie.coop\/actualites\/quel-avenir-pour-la-vie-de-nos-sols\/\",\"name\":\"QUEL AVENIR POUR LA VIE DE NOS SOLS? - Tous Acteurs des Savoie\",\"isPartOf\":{\"@id\":\"https:\/\/www.tous-acteurs-des-savoie.coop\/#website\"},\"datePublished\":\"2023-06-12T09:32:06+00:00\",\"dateModified\":\"2023-06-14T13:41:14+00:00\",\"description\":\"Cinqui\u00e8me rencontre du cycle EMULSION, les RDV du CA des Savoie, organis\u00e9e en partenariat avec Livres en Marches et pour la premi\u00e8re fois, Botanic, le jeudi 25 mai 2023 dans le si\u00e8ge social de la Caisse r\u00e9gionale d'Annecy avec l\u2019intervention de Marc-Andr\u00e9 Selosse, biologiste et Professeur, sp\u00e9cialiste de la vie dans les sols.\",\"breadcrumb\":{\"@id\":\"https:\/\/www.tous-acteurs-des-savoie.coop\/actualites\/quel-avenir-pour-la-vie-de-nos-sols\/#breadcrumb\"},\"inLanguage\":\"fr-FR\",\"potentialAction\":[{\"@type\":\"ReadAction\",\"target\":[\"https:\/\/www.tous-acteurs-des-savoie.coop\/actualites\/quel-avenir-pour-la-vie-de-nos-sols\/\"]}]},{\"@type\":\"BreadcrumbList\",\"@id\":\"https:\/\/www.tous-acteurs-des-savoie.coop\/actualites\/quel-avenir-pour-la-vie-de-nos-sols\/#breadcrumb\",\"itemListElement\":[{\"@type\":\"ListItem\",\"position\":1,\"name\":\"Home\",\"item\":\"https:\/\/www.tous-acteurs-des-savoie.coop\/\"},{\"@type\":\"ListItem\",\"position\":2,\"name\":\"Actualit\u00e9s\",\"item\":\"https:\/\/www.tous-acteurs-des-savoie.coop\/actualites\/\"},{\"@type\":\"ListItem\",\"position\":3,\"name\":\"QUEL AVENIR POUR LA VIE DE NOS SOLS?\"}]},{\"@type\":\"WebSite\",\"@id\":\"https:\/\/www.tous-acteurs-des-savoie.coop\/#website\",\"url\":\"https:\/\/www.tous-acteurs-des-savoie.coop\/\",\"name\":\"Tous Acteurs des Savoie\",\"description\":\"\",\"potentialAction\":[{\"@type\":\"SearchAction\",\"target\":{\"@type\":\"EntryPoint\",\"urlTemplate\":\"https:\/\/www.tous-acteurs-des-savoie.coop\/?s={search_term_string}\"},\"query-input\":{\"@type\":\"PropertyValueSpecification\",\"valueRequired\":true,\"valueName\":\"search_term_string\"}}],\"inLanguage\":\"fr-FR\"}]}<\/script>\n<!-- \/ Yoast SEO plugin. -->","yoast_head_json":{"title":"QUEL AVENIR POUR LA VIE DE NOS SOLS? - Tous Acteurs des Savoie","description":"Cinqui\u00e8me rencontre du cycle EMULSION, les RDV du CA des Savoie, organis\u00e9e en partenariat avec Livres en Marches et pour la premi\u00e8re fois, Botanic, le jeudi 25 mai 2023 dans le si\u00e8ge social de la Caisse r\u00e9gionale d'Annecy avec l\u2019intervention de Marc-Andr\u00e9 Selosse, biologiste et Professeur, sp\u00e9cialiste de la vie dans les sols.","robots":{"index":"index","follow":"follow","max-snippet":"max-snippet:-1","max-image-preview":"max-image-preview:large","max-video-preview":"max-video-preview:-1"},"canonical":"https:\/\/www.tous-acteurs-des-savoie.coop\/actualites\/quel-avenir-pour-la-vie-de-nos-sols\/","og_locale":"fr_FR","og_type":"article","og_title":"QUEL AVENIR POUR LA VIE DE NOS SOLS? - Tous Acteurs des Savoie","og_description":"Cinqui\u00e8me rencontre du cycle EMULSION, les RDV du CA des Savoie, organis\u00e9e en partenariat avec Livres en Marches et pour la premi\u00e8re fois, Botanic, le jeudi 25 mai 2023 dans le si\u00e8ge social de la Caisse r\u00e9gionale d'Annecy avec l\u2019intervention de Marc-Andr\u00e9 Selosse, biologiste et Professeur, sp\u00e9cialiste de la vie dans les sols.","og_url":"https:\/\/www.tous-acteurs-des-savoie.coop\/actualites\/quel-avenir-pour-la-vie-de-nos-sols\/","og_site_name":"Tous Acteurs des Savoie","article_modified_time":"2023-06-14T13:41:14+00:00","twitter_card":"summary_large_image","schema":{"@context":"https:\/\/schema.org","@graph":[{"@type":"WebPage","@id":"https:\/\/www.tous-acteurs-des-savoie.coop\/actualites\/quel-avenir-pour-la-vie-de-nos-sols\/","url":"https:\/\/www.tous-acteurs-des-savoie.coop\/actualites\/quel-avenir-pour-la-vie-de-nos-sols\/","name":"QUEL AVENIR POUR LA VIE DE NOS SOLS? - Tous Acteurs des Savoie","isPartOf":{"@id":"https:\/\/www.tous-acteurs-des-savoie.coop\/#website"},"datePublished":"2023-06-12T09:32:06+00:00","dateModified":"2023-06-14T13:41:14+00:00","description":"Cinqui\u00e8me rencontre du cycle EMULSION, les RDV du CA des Savoie, organis\u00e9e en partenariat avec Livres en Marches et pour la premi\u00e8re fois, Botanic, le jeudi 25 mai 2023 dans le si\u00e8ge social de la Caisse r\u00e9gionale d'Annecy avec l\u2019intervention de Marc-Andr\u00e9 Selosse, biologiste et Professeur, sp\u00e9cialiste de la vie dans les sols.","breadcrumb":{"@id":"https:\/\/www.tous-acteurs-des-savoie.coop\/actualites\/quel-avenir-pour-la-vie-de-nos-sols\/#breadcrumb"},"inLanguage":"fr-FR","potentialAction":[{"@type":"ReadAction","target":["https:\/\/www.tous-acteurs-des-savoie.coop\/actualites\/quel-avenir-pour-la-vie-de-nos-sols\/"]}]},{"@type":"BreadcrumbList","@id":"https:\/\/www.tous-acteurs-des-savoie.coop\/actualites\/quel-avenir-pour-la-vie-de-nos-sols\/#breadcrumb","itemListElement":[{"@type":"ListItem","position":1,"name":"Home","item":"https:\/\/www.tous-acteurs-des-savoie.coop\/"},{"@type":"ListItem","position":2,"name":"Actualit\u00e9s","item":"https:\/\/www.tous-acteurs-des-savoie.coop\/actualites\/"},{"@type":"ListItem","position":3,"name":"QUEL AVENIR POUR LA VIE DE NOS SOLS?"}]},{"@type":"WebSite","@id":"https:\/\/www.tous-acteurs-des-savoie.coop\/#website","url":"https:\/\/www.tous-acteurs-des-savoie.coop\/","name":"Tous Acteurs des Savoie","description":"","potentialAction":[{"@type":"SearchAction","target":{"@type":"EntryPoint","urlTemplate":"https:\/\/www.tous-acteurs-des-savoie.coop\/?s={search_term_string}"},"query-input":{"@type":"PropertyValueSpecification","valueRequired":true,"valueName":"search_term_string"}}],"inLanguage":"fr-FR"}]}},"_links":{"self":[{"href":"https:\/\/www.tous-acteurs-des-savoie.coop\/tads-api\/wp\/v2\/news\/4351","targetHints":{"allow":["GET"]}}],"collection":[{"href":"https:\/\/www.tous-acteurs-des-savoie.coop\/tads-api\/wp\/v2\/news"}],"about":[{"href":"https:\/\/www.tous-acteurs-des-savoie.coop\/tads-api\/wp\/v2\/types\/news"}],"wp:attachment":[{"href":"https:\/\/www.tous-acteurs-des-savoie.coop\/tads-api\/wp\/v2\/media?parent=4351"}],"wp:term":[{"taxonomy":"categories","embeddable":true,"href":"https:\/\/www.tous-acteurs-des-savoie.coop\/tads-api\/wp\/v2\/categories?post=4351"}],"curies":[{"name":"wp","href":"https:\/\/api.w.org\/{rel}","templated":true}]}}